{"id":3625,"date":"2020-05-18T10:15:07","date_gmt":"2020-05-18T08:15:07","guid":{"rendered":"https:\/\/schleese-sattel.de\/?p=3625"},"modified":"2020-09-14T12:57:06","modified_gmt":"2020-09-14T10:57:06","slug":"anna-kleindienst-equestrian-centre-austria-wien-und-schleese","status":"publish","type":"post","link":"https:\/\/schleese-sattel.de\/en\/blog\/anna-kleindienst-equestrian-centre-austria-wien-und-schleese\/","title":{"rendered":"Anna Kleindienst &#8211; Equestrian Centre Austria, Wien &#8211; und SCHLEESE"},"content":{"rendered":"<p><strong>Anna Kleindienst, Equestrian Centre Austria, Wien<\/strong><\/p>\n<p>Seit J\u00e4nner 2015 werden meine Pferde und ich von Schleese betreut &#8211; die Entwicklung aller Pferde ist bemerkenswert. Katja Lange besucht uns mehrmals im Jahr um mit dem ganzen Team zu trainieren. Durch sie, habe ich Schleese S\u00e4ttel kennen und lieben gelernt.<br \/>\nMeinen ersten Schleese Sattel bekam ich f\u00fcr mein Pferd Duke Ellington der damals auf M Niveau lief. Mittlerweile reite ich jedes meiner 6 Pferde, mit Schleese S\u00e4tteln. Obwohl die Pferde sehr unterschiedliche Befindlichkeiten haben und sowohl im Alter, 4-10 Jahre, als auch im Ausbildungsstadion, DPA \u2013 Grand Prix, sehr unterschiedlich sind, hat sich der Bewegungsablauf bei jedem Einzelnen, insbesondere die Schulterfreiheit, stark verbessert. Der Fortschritt hat mir erneut bewiesen wie wichtig ein gut sitzender Sattel ist, der kontinuierlich an die sich ver\u00e4ndernde Form des Pferdes angepasst wird.<br \/>\nBesonders sch\u00e4tze ich an der Zusammenarbeit mit Schleese, die Art und Weise wie sowohl auf die individuellen Bed\u00fcrfnisse der Pferde als auch auf die des Reiters eingegangen wird. Dar\u00fcber hinaus k\u00f6nnen Ver\u00e4nderungen am Sattel schnell vorgenommen werden so dass zum Anpassen des Sattels keine Wartezeiten und in Folge Trainingspausen entstehen.<br \/>\nSeit Beginn unserer Partnerschaft mit Katja Lange und Schleese konnte ich mit meinen Pferden einige sch\u00f6ne Erfolge erzielen:<br \/>\nDuke Ellington:<\/p>\n<figure class=\"sirv-flx sirv-img-container\">\n<figure class=\"sirv-flx sirv-img-container\"><\/figure>\n<figure class=\"sirv-flx sirv-img-container\"><\/figure>\n<\/figure>\n<figure class=\"sirv-flx sirv-img-container\"><\/figure>\n<figure id=\"attachment_4197\" aria-describedby=\"caption-attachment-4197\" style=\"width: 640px\" class=\"wp-caption alignnone\"><img fetchpriority=\"high\" decoding=\"async\" class=\"wp-image-4197 size-full\" src=\"https:\/\/schleese-sattel.de\/wp-content\/uploads\/Duke-ellington-2.jpg\" alt=\"Anna Kleindienst auf Duke Ellington bei der Wiener Landesmeisterschaft\" width=\"640\" height=\"640\" srcset=\"https:\/\/schleese-sattel.de\/wp-content\/uploads\/Duke-ellington-2.jpg 640w, https:\/\/schleese-sattel.de\/wp-content\/uploads\/Duke-ellington-2-300x300.jpg 300w, https:\/\/schleese-sattel.de\/wp-content\/uploads\/Duke-ellington-2-150x150.jpg 150w\" sizes=\"(max-width: 640px) 100vw, 640px\" \/><figcaption id=\"caption-attachment-4197\" class=\"wp-caption-text\">Wiener Landesmeister Mittelschwere Klasse 2015<\/figcaption><\/figure>\n<p>&nbsp;<\/p>\n<figure id=\"attachment_4196\" aria-describedby=\"caption-attachment-4196\" style=\"width: 427px\" class=\"wp-caption alignnone\"><img decoding=\"async\" class=\"size-full wp-image-4196\" src=\"https:\/\/schleese-sattel.de\/wp-content\/uploads\/Duke-ellington-1.jpg\" alt=\"Duke Ellington Vize Wiener Landesmeister\" width=\"427\" height=\"640\" srcset=\"https:\/\/schleese-sattel.de\/wp-content\/uploads\/Duke-ellington-1.jpg 427w, https:\/\/schleese-sattel.de\/wp-content\/uploads\/Duke-ellington-1-200x300.jpg 200w\" sizes=\"(max-width: 427px) 100vw, 427px\" \/><figcaption id=\"caption-attachment-4196\" class=\"wp-caption-text\">Vize Wiener Landesmeister Schwere Klasse 2016<\/figcaption><\/figure>\n<p>&nbsp;<\/p>\n<p>Done For Fun \u201eDieter\u201c<br \/>\nDieter hat, auf Grund einer fr\u00fcheren Verletzung, eine besonders empfindliche Sattellage. Der extra kurze Schleese Sattel nimmt ihm den Druck von der hinteren Sattellage. Dieter geht aktuell Prix St. Georges, wir m\u00f6chten gerne n\u00e4chstes Jahr an internationalen Turnieren teilnehmen.<\/p>\n<figure class=\"sirv-flx sirv-img-container\"><\/figure>\n<figure id=\"attachment_4198\" aria-describedby=\"caption-attachment-4198\" style=\"width: 2488px\" class=\"wp-caption alignnone\"><img decoding=\"async\" class=\"size-full wp-image-4198\" src=\"https:\/\/schleese-sattel.de\/wp-content\/uploads\/dun-for-fun-2.jpg\" alt=\"Royal Spirit\" width=\"2488\" height=\"1796\" srcset=\"https:\/\/schleese-sattel.de\/wp-content\/uploads\/dun-for-fun-2.jpg 2488w, https:\/\/schleese-sattel.de\/wp-content\/uploads\/dun-for-fun-2-300x217.jpg 300w, https:\/\/schleese-sattel.de\/wp-content\/uploads\/dun-for-fun-2-1024x739.jpg 1024w, https:\/\/schleese-sattel.de\/wp-content\/uploads\/dun-for-fun-2-768x554.jpg 768w, https:\/\/schleese-sattel.de\/wp-content\/uploads\/dun-for-fun-2-1536x1109.jpg 1536w, https:\/\/schleese-sattel.de\/wp-content\/uploads\/dun-for-fun-2-2048x1478.jpg 2048w\" sizes=\"(max-width: 2488px) 100vw, 2488px\" \/><figcaption id=\"caption-attachment-4198\" class=\"wp-caption-text\">Royal Spirit<\/figcaption><\/figure>\n<p>Royal Spirit hat einen sehr langen Wiederrist und einen leichten Senkr\u00fccken der Katja satteltechnisch vor eine kleine Herausforderung gestellt hat Rein optisch ist sein Sattel mein Favorit!<\/p>\n<figure class=\"sirv-flx sirv-img-container\"><\/figure>\n<figure class=\"sirv-flx sirv-img-container\"><\/figure>\n<p><img loading=\"lazy\" decoding=\"async\" class=\"alignnone wp-image-4210 size-large\" src=\"https:\/\/schleese-sattel.de\/wp-content\/uploads\/Royal-spirit-2-1024x1024.jpg\" alt=\"Royal Spirit\" width=\"1024\" height=\"1024\" srcset=\"https:\/\/schleese-sattel.de\/wp-content\/uploads\/Royal-spirit-2-1024x1024.jpg 1024w, https:\/\/schleese-sattel.de\/wp-content\/uploads\/Royal-spirit-2-300x300.jpg 300w, https:\/\/schleese-sattel.de\/wp-content\/uploads\/Royal-spirit-2-150x150.jpg 150w, https:\/\/schleese-sattel.de\/wp-content\/uploads\/Royal-spirit-2-768x768.jpg 768w, https:\/\/schleese-sattel.de\/wp-content\/uploads\/Royal-spirit-2-1536x1536.jpg 1536w, https:\/\/schleese-sattel.de\/wp-content\/uploads\/Royal-spirit-2-2048x2048.jpg 2048w\" sizes=\"(max-width: 1024px) 100vw, 1024px\" \/><\/p>\n<p>&nbsp;<\/p>\n<p><img loading=\"lazy\" decoding=\"async\" class=\"alignnone size-large wp-image-4209\" src=\"https:\/\/schleese-sattel.de\/wp-content\/uploads\/Royal-spirit-1-887x1024.jpg\" alt=\"\" width=\"800\" height=\"924\" srcset=\"https:\/\/schleese-sattel.de\/wp-content\/uploads\/Royal-spirit-1-887x1024.jpg 887w, https:\/\/schleese-sattel.de\/wp-content\/uploads\/Royal-spirit-1-260x300.jpg 260w, https:\/\/schleese-sattel.de\/wp-content\/uploads\/Royal-spirit-1-768x887.jpg 768w, https:\/\/schleese-sattel.de\/wp-content\/uploads\/Royal-spirit-1-1330x1536.jpg 1330w, https:\/\/schleese-sattel.de\/wp-content\/uploads\/Royal-spirit-1-1774x2048.jpg 1774w, https:\/\/schleese-sattel.de\/wp-content\/uploads\/Royal-spirit-1.jpg 2026w\" sizes=\"(max-width: 800px) 100vw, 800px\" \/><\/p>\n<p><strong>Duchess Ellington:<\/strong><br \/>\nDuchess Ellington ist eine 6 J\u00e4hrige Stute von Duke Ellington. Sie ist besonders fein zu reiten und geht momentan leicht M Dressuren.<\/p>\n<p><img loading=\"lazy\" decoding=\"async\" class=\"alignnone size-large wp-image-3626\" src=\"https:\/\/schleese-sattel.de\/wp-content\/uploads\/Duchess-Ellington-1024x766.jpg\" alt=\"Duches Ellington-Schleese\" width=\"800\" height=\"598\" srcset=\"https:\/\/schleese-sattel.de\/wp-content\/uploads\/Duchess-Ellington-1024x766.jpg 1024w, https:\/\/schleese-sattel.de\/wp-content\/uploads\/Duchess-Ellington-300x224.jpg 300w, https:\/\/schleese-sattel.de\/wp-content\/uploads\/Duchess-Ellington-768x575.jpg 768w, https:\/\/schleese-sattel.de\/wp-content\/uploads\/Duchess-Ellington-1536x1149.jpg 1536w, https:\/\/schleese-sattel.de\/wp-content\/uploads\/Duchess-Ellington-2048x1532.jpg 2048w\" sizes=\"(max-width: 800px) 100vw, 800px\" \/><\/p>\n<figure class=\"sirv-flx sirv-img-container\"><\/figure>\n<p><strong>Bonnie K:<\/strong><br \/>\nBonnie ist 7 Jahre alt. Sie war 2 Jahre in folge Siegerin der \u201eJungpferde Trophy\u201e in ihrer jeweiligen Altersklasse.<\/p>\n<figure class=\"sirv-flx sirv-img-container\"><\/figure>\n<figure class=\"sirv-flx sirv-img-container\"><\/figure>\n<p><img loading=\"lazy\" decoding=\"async\" class=\"alignnone size-full wp-image-4186\" src=\"https:\/\/schleese-sattel.de\/wp-content\/uploads\/Bonni-K-2.jpg\" alt=\"\" width=\"1024\" height=\"683\" srcset=\"https:\/\/schleese-sattel.de\/wp-content\/uploads\/Bonni-K-2.jpg 1024w, https:\/\/schleese-sattel.de\/wp-content\/uploads\/Bonni-K-2-300x200.jpg 300w, https:\/\/schleese-sattel.de\/wp-content\/uploads\/Bonni-K-2-768x512.jpg 768w\" sizes=\"(max-width: 1024px) 100vw, 1024px\" \/><\/p>\n<p><img loading=\"lazy\" decoding=\"async\" class=\"alignnone size-full wp-image-4192\" src=\"https:\/\/schleese-sattel.de\/wp-content\/uploads\/Bonni-K-1.jpg\" alt=\"\" width=\"960\" height=\"640\" srcset=\"https:\/\/schleese-sattel.de\/wp-content\/uploads\/Bonni-K-1.jpg 960w, https:\/\/schleese-sattel.de\/wp-content\/uploads\/Bonni-K-1-300x200.jpg 300w, https:\/\/schleese-sattel.de\/wp-content\/uploads\/Bonni-K-1-768x512.jpg 768w\" sizes=\"(max-width: 960px) 100vw, 960px\" \/><\/p>\n<p>Duke Dorincourt \u201eMini\u201c:<br \/>\nMini ist 4 Jahre alt und ebenfalls ein Nachkommen von Duke Ellington. Er war heuer schon in seinen ersten Dressurpferdepr\u00fcfungen siegreich mit Rittigkeitsnoten von bis zu 9,2.<\/p>\n<p><img loading=\"lazy\" decoding=\"async\" class=\"alignnone size-large wp-image-4194\" src=\"https:\/\/schleese-sattel.de\/wp-content\/uploads\/Duke-Dorincourt-1-768x1024.jpg\" alt=\"\" width=\"768\" height=\"1024\" srcset=\"https:\/\/schleese-sattel.de\/wp-content\/uploads\/Duke-Dorincourt-1-768x1024.jpg 768w, https:\/\/schleese-sattel.de\/wp-content\/uploads\/Duke-Dorincourt-1-225x300.jpg 225w, https:\/\/schleese-sattel.de\/wp-content\/uploads\/Duke-Dorincourt-1-1152x1536.jpg 1152w, https:\/\/schleese-sattel.de\/wp-content\/uploads\/Duke-Dorincourt-1.jpg 1200w\" sizes=\"(max-width: 768px) 100vw, 768px\" \/><\/p>\n<p><img loading=\"lazy\" decoding=\"async\" class=\"alignnone size-large wp-image-4195\" src=\"https:\/\/schleese-sattel.de\/wp-content\/uploads\/Duke-Dorincourt-2-933x1024.jpg\" alt=\"\" width=\"800\" height=\"878\" srcset=\"https:\/\/schleese-sattel.de\/wp-content\/uploads\/Duke-Dorincourt-2-933x1024.jpg 933w, https:\/\/schleese-sattel.de\/wp-content\/uploads\/Duke-Dorincourt-2-273x300.jpg 273w, https:\/\/schleese-sattel.de\/wp-content\/uploads\/Duke-Dorincourt-2-768x843.jpg 768w, https:\/\/schleese-sattel.de\/wp-content\/uploads\/Duke-Dorincourt-2-1400x1536.jpg 1400w, https:\/\/schleese-sattel.de\/wp-content\/uploads\/Duke-Dorincourt-2.jpg 1536w\" sizes=\"(max-width: 800px) 100vw, 800px\" \/><\/p>\n<figure class=\"sirv-flx sirv-img-container\"><\/figure>\n<figure class=\"sirv-flx sirv-img-container\"><\/figure>","protected":false},"excerpt":{"rendered":"<p>Anna Kleindienst, Equestrian Centre Austria, Wien Seit J\u00e4nner 2015 werden meine Pferde und ich von Schleese betreut &#8211; die Entwicklung aller Pferde ist bemerkenswert. Katja Lange besucht uns mehrmals im Jahr um mit dem ganzen Team zu trainieren. Durch sie, habe ich Schleese S\u00e4ttel kennen und lieben gelernt. Meinen ersten Schleese Sattel bekam ich f\u00fcr [&hellip;]<\/p>\n","protected":false},"author":1,"featured_media":3626,"comment_status":"closed","ping_status":"closed","sticky":false,"template":"","format":"standard","meta":{"_acf_changed":false,"footnotes":""},"categories":[20],"tags":[],"class_list":["post-3625","post","type-post","status-publish","format-standard","has-post-thumbnail","hentry","category-blog"],"acf":[],"_links":{"self":[{"href":"https:\/\/schleese-sattel.de\/en\/wp-json\/wp\/v2\/posts\/3625","targetHints":{"allow":["GET"]}}],"collection":[{"href":"https:\/\/schleese-sattel.de\/en\/wp-json\/wp\/v2\/posts"}],"about":[{"href":"https:\/\/schleese-sattel.de\/en\/wp-json\/wp\/v2\/types\/post"}],"author":[{"embeddable":true,"href":"https:\/\/schleese-sattel.de\/en\/wp-json\/wp\/v2\/users\/1"}],"replies":[{"embeddable":true,"href":"https:\/\/schleese-sattel.de\/en\/wp-json\/wp\/v2\/comments?post=3625"}],"version-history":[{"count":0,"href":"https:\/\/schleese-sattel.de\/en\/wp-json\/wp\/v2\/posts\/3625\/revisions"}],"wp:featuredmedia":[{"embeddable":true,"href":"https:\/\/schleese-sattel.de\/en\/wp-json\/wp\/v2\/media\/3626"}],"wp:attachment":[{"href":"https:\/\/schleese-sattel.de\/en\/wp-json\/wp\/v2\/media?parent=3625"}],"wp:term":[{"taxonomy":"category","embeddable":true,"href":"https:\/\/schleese-sattel.de\/en\/wp-json\/wp\/v2\/categories?post=3625"},{"taxonomy":"post_tag","embeddable":true,"href":"https:\/\/schleese-sattel.de\/en\/wp-json\/wp\/v2\/tags?post=3625"}],"curies":[{"name":"wp","href":"https:\/\/api.w.org\/{rel}","templated":true}]}}