{"id":5536,"date":"2021-10-02T16:47:36","date_gmt":"2021-10-02T14:47:36","guid":{"rendered":"https:\/\/schleese-sattel.de\/?p=5536"},"modified":"2022-05-17T22:02:40","modified_gmt":"2022-05-17T20:02:40","slug":"sattelanpassung-und-hautprobleme","status":"publish","type":"post","link":"https:\/\/schleese-sattel.de\/en\/blog\/sattelanpassung-und-hautprobleme\/","title":{"rendered":"Sattelanpassung und Hautprobleme"},"content":{"rendered":"<h4><strong>Jochen Schleese<\/strong><\/h4>\n<p>Es ist kein Geheimnis, dass Rothaarige zu empfindlicher Haut neigen. Interessant ist jedoch, dass F\u00fcchse von allen Pferden die empfindlichste Haut haben.<\/p>\n<p>Wie jeder wei\u00df, ist die Haut<strong> das gr\u00f6\u00dfte K\u00f6rperorgan<\/strong>. (Auf eine Art hat das f\u00fcr mich nie Sinn ergeben, da ein Organ ein Organ ist, und Haut ist eben Haut, aber so ist es eben!) Daher werden Hautcremes so prompt in den Blutkreislauf geschleust und k\u00f6nnen schnell wirken, wie und wo sie sollen. Die Haut ist auch <strong>die erste Barriere gegen schmerzhaften Druck<\/strong> und sie gibt Antworten auf die Frage, welche<strong> k\u00f6rperlichen Ver\u00e4nderungen<\/strong> sich durch Schmerz ergeben haben.<\/p>\n<p>Es ist bekannt, dass<strong> die Region der thorakalen Faszie<\/strong> (die Region, in der der Sattel aufliegt und die auch Sattelauflagefl\u00e4che genannt wird)<strong> extrem druck- und schmerzempfindlich<\/strong> ist, da ihr Bindegewebe stark von Nerven durchzogen und mit dem Spinalnerv verbunden ist. Im Gegensatz dazu ist die Faszie, die \u00fcber der <strong>Lendenregion<\/strong> liegt, im Gro\u00dfen und Ganzen sehr viel anpassungsf\u00e4higer und <strong>weniger druck- und schmerzempfindlich<\/strong>.<\/p>\n<p>Es ist nicht immer einfach, die Hautgesundheit der thorakolumbalen Region zu beurteilen.<strong> Gesunde Haut sollte sich weich anf\u00fchlen, gen\u00fcgend Feuchtigkeit enthalten und sich \u00fcber der darunter liegenden Hautmuskulatur\u00a0 frei bewegen lassen<\/strong>. Au\u00dferdem sollte sie Reize beantworten. Man kann sich leicht von Pferden t\u00e4uschen lassen, die dazu neigen, Reize nur z\u00f6gerlich zu beantworten. Sie k\u00f6nnten einen glauben lassen, dass ihnen nichts weh tut. Meist sind die Faszien dieser Pferde aber deswegen weniger reaktionsbereit, weil die Pferde schlecht bemuskelt sind und zu wenig Gewicht haben, oder weil sie alt oder chronisch krank sind und unter degenerativen Krankheiten wie zum Beispiel Kissing spines oder anderen degenerativen R\u00fcckenproblemen leiden. Mit anderen Worten,<strong> ihre Haut ist durch den chronischen Schmerz gef\u00fchllos geworden<\/strong>. Ich habe mitunter schon Reiter getroffen, die mich die Passform ihres Sattels erst beurteilen lie\u00dfen, nachdem sie 20 Minuten oder l\u00e4nger geritten waren. Zu diesem Zeitpunkt ist die Haut ihrer Pferde bereits weniger empfindlich und sie k\u00f6nnen daher \u201ebeweisen\u201c und darauf bestehen, dass ihr Sattel keinen besonders starken Druck aus\u00fcbt.<\/p>\n<p>Die Haut von Pferden, die mit einem schlecht angepassten Sattel geritten werden, ver\u00e4ndert sich normalerweise und entwickelt mit der Zeit eine <strong>chronische Trockenheit<\/strong>. Die Hautnerven bilden sich zur\u00fcck, was zu einer geringen Bereitschaft f\u00fchrt, auf Reize zu reagieren. Es ist bitter, dass diese Ver\u00e4nderungen unweigerlich durch <strong>schlecht passende S\u00e4ttel<\/strong> hervorgerufen werden, denn gerade dadurch l\u00e4sst sich der Schmerz ja schwerer ermitteln. Viele Pferde leiden unter schlecht passenden S\u00e4tteln und die meisten Leute wollen nicht sehen, dass ihre Pferde Schmerzen haben, da diese nicht so einfach zu erkennen sind. Ich habe aber die Hoffnung, dass sich nach und nach immer mehr Pferdebesitzer weiterbilden und sich dar\u00fcber bewusst werden, <strong>welchen Schaden konstanter Druck zwangsl\u00e4ufig verursacht<\/strong>.<\/p>\n<figure id=\"attachment_5537\" aria-describedby=\"caption-attachment-5537\" style=\"width: 551px\" class=\"wp-caption aligncenter\"><img fetchpriority=\"high\" decoding=\"async\" class=\"wp-image-5537\" src=\"https:\/\/schleese-sattel.de\/wp-content\/uploads\/Hautprobleme.jpg\" alt=\"Das Pferd eines bestimmten Kunden entwickelte diese Hautrillen, wie sie auf dem Foto oben zu sehen sind. Es sind keine Hautfalten. Sie sitzen oberfl\u00e4chlich, so als ob man sie buchst\u00e4blich in die Haut gekniffen h\u00e4tte.\" width=\"551\" height=\"413\" srcset=\"https:\/\/schleese-sattel.de\/wp-content\/uploads\/Hautprobleme.jpg 300w, https:\/\/schleese-sattel.de\/wp-content\/uploads\/Hautprobleme-16x12.jpg 16w\" sizes=\"(max-width: 551px) 100vw, 551px\" \/><figcaption id=\"caption-attachment-5537\" class=\"wp-caption-text\">Das Pferd eines bestimmten Kunden entwickelte diese Hautrillen, wie sie auf dem Foto oben zu sehen sind. Es sind keine Hautfalten. Sie sitzen oberfl\u00e4chlich, so als ob man sie buchst\u00e4blich in die Haut gekniffen h\u00e4tte.<\/figcaption><\/figure>\n<p>&nbsp;<\/p>\n<p>Ich beriet mich deswegen mit meiner Freundin Dr. Joanna Robson, der Autorin von <strong>\u201c<a href=\"https:\/\/www.amazon.com\/Recognizing-Horse-Pain-II-About\/dp\/0984073019\" target=\"_blank\" rel=\"noopener\">Recognizing the Horse in Pain and What to do about it<\/a>\u201d<\/strong>. Sie sagte Folgendes:<\/p>\n<p>\u201cIch finde es schwer einzusch\u00e4tzen, aber ich glaube, die Rillen entstehen, wenn ein Sattel nach vorne rutscht. Wenn er nach vorn rutscht, nimmt er die Haut mit und dabei entstehen <strong>Falten oder Rillen<\/strong>. Am besten sieht man das entlang der Oberlinie auf etwa 15 Zentimetern direkt hinter dem Widerrist des Pferdes. Ist das Pferd besonders empfindlich oder d\u00fcnnh\u00e4utig, so wie es die meisten F\u00fcchse sind, k\u00f6nnte der auch Pannikulus-Reflex getriggert worden sein. Dieser Reflex, ein Zucken des Rumpfhautmuskels Cutaneus trunci, wird durch Ber\u00fchrung ausgel\u00f6st, z. B. wenn eine Fliege auf der Haut landet. Die permanente Irritation der Haut kann den Reflex aber auch ausl\u00f6sen. Nat\u00fcrlich k\u00f6nnten die Rillen auch dadurch entstanden sein, dass das Pferd geschwitzt hat und beim Trocknen ein paar Rillen entstehen, was relativ normal ist. Die Erh\u00f6hung auf dem \u201eKamm\u201c der Rille erscheint mir aber nicht normal. F\u00fcr mich sieht es so aus, als sei der Sattel nach vorne gerutscht und habe die oberste Hautschicht dabei mitgenommen und \u00fcber die darunter liegenden Muskeln gezogen.\u201c<\/p>\n<p>Ausgehend von dem, was Dr. Robson schrieb, schlage ich Folgendes vor,<strong> um das Problem des Nach-Vorne-Rutschens zu l\u00f6sen<\/strong>, bis der Sattel korrekt angepasst wurde. Vielleicht haben einige von Ihnen das gleiche Problem und k\u00f6nnten Ihrem Pferd Erleichterung verschaffen, bis der Sattelanpasser den Sattel neu anpasst.<\/p>\n<ul>\n<li>Legen Sie ein Lift Pad oder ein gefaltetes Geschirrhandtuch am Widerrist unter den Sattel.<\/li>\n<li>Reiten Sie mit einem Fleece Pad, das Sie direkt auf dem Pferder\u00fccken auflegen. Darauf kommt dann das Lift Pad, dann ein d\u00fcnnes Sattelpad, dann der Sattel.<\/li>\n<li>\u00dcberkreuzen Sie die Gurtstrippen beim Angurten, um das Nach-Vorne-Rutschen des Sattels zu vermeiden.<\/li>\n<\/ul>\n<p>Wor\u00fcber w\u00fcrden Sie au\u00dferdem gerne informiert werden? Finden Sie es hilfreich, wenn ich \u00fcber <strong>Probleme von Kund\/innen berichte und m\u00f6gliche L\u00f6sungsans\u00e4tze vorstelle<\/strong>? Oder h\u00e4tten Sie lieber ganz<strong> allgemeine Informationen<\/strong> \u00fcber S\u00e4ttel und deren Anpassung? Auch bei speziellen Fragen d\u00fcrfen Sie gerne eine mail <strong>direkt an mich schicken<\/strong>. Ich beantworte Ihre Frage dann in einem<a href=\"https:\/\/schleese-sattel.de\/en\/category\/blog\/\"> der n\u00e4chsten Blogs<\/a>, vor allem, wenn es sich um ein <strong>Problem<\/strong> handelt, <strong>das viele andere Reiter auch betreffen k\u00f6nnte<\/strong>.<\/p>","protected":false},"excerpt":{"rendered":"<p>Jochen Schleese Es ist kein Geheimnis, dass Rothaarige zu empfindlicher Haut neigen. Interessant ist jedoch, dass F\u00fcchse von allen Pferden die empfindlichste Haut haben. Wie jeder wei\u00df, ist die Haut das gr\u00f6\u00dfte K\u00f6rperorgan. (Auf eine Art hat das f\u00fcr mich nie Sinn ergeben, da ein Organ ein Organ ist, und Haut ist eben Haut, aber [&hellip;]<\/p>\n","protected":false},"author":50,"featured_media":3285,"comment_status":"closed","ping_status":"closed","sticky":false,"template":"","format":"standard","meta":{"_acf_changed":false,"footnotes":""},"categories":[20],"tags":[110,108,111,107,34,109,45,52,53,51,36,32,49],"class_list":["post-5536","post","type-post","status-publish","format-standard","has-post-thumbnail","hentry","category-blog","tag-druck-und-schmerzempfindlichkeit","tag-hautempfindlichkeit-von-fuechsen","tag-hautgesundheit","tag-hautprobleme","tag-jochen-schleese","tag-passende-sattel","tag-pferd","tag-pferde","tag-reiten","tag-sattel","tag-sattelanpassung","tag-schleese","tag-schleese-sattel"],"acf":[],"_links":{"self":[{"href":"https:\/\/schleese-sattel.de\/en\/wp-json\/wp\/v2\/posts\/5536","targetHints":{"allow":["GET"]}}],"collection":[{"href":"https:\/\/schleese-sattel.de\/en\/wp-json\/wp\/v2\/posts"}],"about":[{"href":"https:\/\/schleese-sattel.de\/en\/wp-json\/wp\/v2\/types\/post"}],"author":[{"embeddable":true,"href":"https:\/\/schleese-sattel.de\/en\/wp-json\/wp\/v2\/users\/50"}],"replies":[{"embeddable":true,"href":"https:\/\/schleese-sattel.de\/en\/wp-json\/wp\/v2\/comments?post=5536"}],"version-history":[{"count":0,"href":"https:\/\/schleese-sattel.de\/en\/wp-json\/wp\/v2\/posts\/5536\/revisions"}],"wp:featuredmedia":[{"embeddable":true,"href":"https:\/\/schleese-sattel.de\/en\/wp-json\/wp\/v2\/media\/3285"}],"wp:attachment":[{"href":"https:\/\/schleese-sattel.de\/en\/wp-json\/wp\/v2\/media?parent=5536"}],"wp:term":[{"taxonomy":"category","embeddable":true,"href":"https:\/\/schleese-sattel.de\/en\/wp-json\/wp\/v2\/categories?post=5536"},{"taxonomy":"post_tag","embeddable":true,"href":"https:\/\/schleese-sattel.de\/en\/wp-json\/wp\/v2\/tags?post=5536"}],"curies":[{"name":"wp","href":"https:\/\/api.w.org\/{rel}","templated":true}]}}