{"id":6073,"date":"2022-03-28T19:08:14","date_gmt":"2022-03-28T17:08:14","guid":{"rendered":"https:\/\/schleese-sattel.de\/?p=6073"},"modified":"2022-03-31T12:34:33","modified_gmt":"2022-03-31T10:34:33","slug":"equitana-2022","status":"publish","type":"post","link":"https:\/\/schleese-sattel.de\/en\/news\/equitana-2022\/","title":{"rendered":"Equitana 2022"},"content":{"rendered":"<p style=\"text-align: center;\"><strong>Im April ist es wieder so weit!<\/strong><\/p>\n<p style=\"text-align: left;\">Die <a href=\"https:\/\/www.equitana.com\/essen\/de-de.html\" target=\"_blank\" rel=\"noopener\">Equitana 2022<\/a> \u00f6ffnet ihre Tore <strong>vom 07.4. bis 13.04<\/strong>. in Essen und wir sind nat\u00fcrlich wieder dabei!<\/p>\n<p>Dieses Jahr werden wir Euch <a href=\"https:\/\/www.equitana.com\/essen\/de-de\/fuer-besucher\/exhibitor-directory\/Ausstellerdetails.org-05e80570-6e6e-4807-b641-42693fbea327.html#\/\" target=\"_blank\" rel=\"noopener\">viele Neuheiten<\/a> vorstellen und bringen auch noch andere \u00dcberraschungen f\u00fcr Euch mit! Wenn Ihr noch keine Gelegenheit hattet, einen unserer S\u00e4ttel zu sehen, solltet Ihr unbedingt an unserem Stand vorbeischauen. Au\u00dferdem werden viele <a href=\"https:\/\/schleese-sattel.de\/en\/schleese-sattel-kaufen\/\">unserer Ergonomen<\/a> vor Ort sein, um Euch zu beraten und Euch bei allem, was Ihr braucht, zu unterst\u00fctzen.<\/p>\n<p style=\"text-align: center;\"><strong>Wir freuen uns auf Euren Besuch in Halle 1 Stand A57<\/strong><\/p>\n<p><img fetchpriority=\"high\" decoding=\"async\" class=\"size-medium wp-image-6070 aligncenter\" src=\"https:\/\/schleese-sattel.de\/wp-content\/uploads\/Equitana22-300x300.jpg\" alt=\"Equitana 2022\" width=\"300\" height=\"300\" srcset=\"https:\/\/schleese-sattel.de\/wp-content\/uploads\/Equitana22-300x300.jpg 300w, https:\/\/schleese-sattel.de\/wp-content\/uploads\/Equitana22-150x150.jpg 150w, https:\/\/schleese-sattel.de\/wp-content\/uploads\/Equitana22-12x12.jpg 12w, https:\/\/schleese-sattel.de\/wp-content\/uploads\/Equitana22.jpg 640w\" sizes=\"(max-width: 300px) 100vw, 300px\" \/><\/p>\n<h3><\/h3>\n<h3><strong>Unsere Vortr\u00e4ge bei der Equitana<\/strong><\/h3>\n<p>Hier findet Ihr alle unsere Vortr\u00e4ge, die wir bei der Equitana durchf\u00fchren werden. Wir freuen uns auf Euch!<\/p>\n<p><strong>Donnerstag 7.04<\/strong><\/p>\n<ul>\n<li><span style=\"color: #ffffff;\">Cavallo Ring (Halle 1): 11:15 &#8211; 11:30<\/span><\/li>\n<li><span style=\"color: #ffffff;\">Gesundheitsforum (Halle 1): 15:00 &#8211; 15:15<\/span><\/li>\n<\/ul>\n<p><strong>Freitag 8.04<\/strong><\/p>\n<ul>\n<li><span style=\"color: #ffffff;\">Cavallo Ring (Halle 1): 16:15 &#8211; 16:30<\/span><\/li>\n<li><span style=\"color: #ffffff;\">Gesundheitsforum (Halle 1): 10:30- 10:45<\/span><\/li>\n<\/ul>\n<p><strong>Samstag 9.04<\/strong><\/p>\n<ul>\n<li><span style=\"color: #ffffff;\">Cavallo Ring (Halle 1): 14:45- 15:00<\/span><\/li>\n<li><span style=\"color: #ffffff;\">Gesundheitsforum (Halle 1): 12:15- 12:30<\/span><\/li>\n<\/ul>\n<p><strong>Sonntag 10.04<\/strong><\/p>\n<ul>\n<li><span style=\"color: #ffffff;\">Cavallo Ring (Halle 1): 11:00-11:15<\/span><\/li>\n<li><span style=\"color: #ffffff;\">Gesundheitsforum (Halle 1): 18:15 &#8211; 18:30<\/span><\/li>\n<\/ul>\n<p><strong>Montag 11.04<\/strong><\/p>\n<ul>\n<li><span style=\"color: #ffffff;\">Cavallo Ring (Halle 1): 13:00-13:15<\/span><\/li>\n<li><span style=\"color: #ffffff;\">Gesundheitsforum (Halle 1): 12:30 &#8211; 12:45<\/span><\/li>\n<\/ul>\n<p><strong>Dienstag 12.04<\/strong><\/p>\n<ul>\n<li><span style=\"color: #ffffff;\">Cavallo Ring (Halle 1): 15:00 &#8211; 15:15<\/span><\/li>\n<li><span style=\"color: #ffffff;\">Gesundheitsforum (Halle 1): 10:45 &#8211; 11:00<\/span><\/li>\n<\/ul>\n<p><strong>Mittwoch 13.04<\/strong><\/p>\n<ul>\n<li><span style=\"color: #ffffff;\">Cavallo Ring (Halle 1): 10:45 &#8211; 11:00<\/span><\/li>\n<li><span style=\"color: #ffffff;\">Gesundheitsforum (Halle 1): 16:00 &#8211; 16:15<\/span><\/li>\n<\/ul>\n<p>&nbsp;<\/p>","protected":false},"excerpt":{"rendered":"<p>Im April ist es wieder so weit! Die Equitana 2022 \u00f6ffnet ihre Tore vom 07.4. bis 13.04. in Essen und wir sind nat\u00fcrlich wieder dabei! Dieses Jahr werden wir Euch viele Neuheiten vorstellen und bringen auch noch andere \u00dcberraschungen f\u00fcr Euch mit! Wenn Ihr noch keine Gelegenheit hattet, einen unserer S\u00e4ttel zu sehen, solltet Ihr [&hellip;]<\/p>\n","protected":false},"author":50,"featured_media":6077,"comment_status":"closed","ping_status":"closed","sticky":false,"template":"","format":"standard","meta":{"_acf_changed":false,"footnotes":""},"categories":[1],"tags":[165,163,164,32],"class_list":["post-6073","post","type-post","status-publish","format-standard","has-post-thumbnail","hentry","category-news","tag-der-sattel-deines-lebens","tag-equitana","tag-equitana-2022","tag-schleese"],"acf":[],"_links":{"self":[{"href":"https:\/\/schleese-sattel.de\/en\/wp-json\/wp\/v2\/posts\/6073","targetHints":{"allow":["GET"]}}],"collection":[{"href":"https:\/\/schleese-sattel.de\/en\/wp-json\/wp\/v2\/posts"}],"about":[{"href":"https:\/\/schleese-sattel.de\/en\/wp-json\/wp\/v2\/types\/post"}],"author":[{"embeddable":true,"href":"https:\/\/schleese-sattel.de\/en\/wp-json\/wp\/v2\/users\/50"}],"replies":[{"embeddable":true,"href":"https:\/\/schleese-sattel.de\/en\/wp-json\/wp\/v2\/comments?post=6073"}],"version-history":[{"count":0,"href":"https:\/\/schleese-sattel.de\/en\/wp-json\/wp\/v2\/posts\/6073\/revisions"}],"wp:featuredmedia":[{"embeddable":true,"href":"https:\/\/schleese-sattel.de\/en\/wp-json\/wp\/v2\/media\/6077"}],"wp:attachment":[{"href":"https:\/\/schleese-sattel.de\/en\/wp-json\/wp\/v2\/media?parent=6073"}],"wp:term":[{"taxonomy":"category","embeddable":true,"href":"https:\/\/schleese-sattel.de\/en\/wp-json\/wp\/v2\/categories?post=6073"},{"taxonomy":"post_tag","embeddable":true,"href":"https:\/\/schleese-sattel.de\/en\/wp-json\/wp\/v2\/tags?post=6073"}],"curies":[{"name":"wp","href":"https:\/\/api.w.org\/{rel}","templated":true}]}}